{"id":2494,"date":"2021-09-20T09:50:44","date_gmt":"2021-09-20T08:50:44","guid":{"rendered":"https:\/\/www.amazing-tunisia.com\/fr\/?p=2494"},"modified":"2021-09-20T09:50:45","modified_gmt":"2021-09-20T08:50:45","slug":"sommet-de-la-francophonie-djerba-tunisie-2021","status":"publish","type":"post","link":"https:\/\/www.amazing-tunisia.com\/fr\/sommet-de-la-francophonie-djerba-tunisie-2021\/","title":{"rendered":"Sommet de la Francophonie Djerba Tunisie 2021"},"content":{"rendered":"\n<p>La La Tunisie abritera les 20 et 21 novembre 2021 dans l\u2019\u00eele de Djerba, la XVIII\u00e8me Conf\u00e9rence des Chefs d\u2019Etat et de Gouvernement des pays ayant le fran\u00e7ais en partage avec pour th\u00e8me principal \u00ab La connectivit\u00e9 dans la diversit\u00e9 : Le num\u00e9rique, vecteur de d\u00e9veloppement et de solidarit\u00e9 dans l\u2019espace francophone\u00bb.<\/p>\n\n\n\n<p>Un Sommet historique co\u00efncidant de surcro\u00eet avec la c\u00e9l\u00e9bration du cinquanti\u00e8me anniversaire de la cr\u00e9ation, le 20 mars 1970, de l\u2019Agence de Coop\u00e9ration Culturelle et Technique, anc\u00eatre de l\u2019Organisation internationale de la Francophonie.<\/p>\n\n\n\n<p>Premier pays arabe nord-africain \u00e0 abriter sur son sol cet important \u00e9v\u00e9nement&nbsp;en pr\u00e9sence des Chefs d\u2019Etat et de Gouvernement&nbsp;venant des cinq continents, la Tunisie aura en outre le privil\u00e8ge d\u2019accueillir,&nbsp;le 19 novembre 2021, la 38e session de la Conf\u00e9rence minist\u00e9rielle de la Francophonie (CMF)&nbsp;et d\u2019organiser de nombreux \u00e9v\u00e9nements en marge du Sommet francophone dont principalement le Village de la Francophonie ainsi que le Forum \u00e9conomique francophone.<\/p>\n\n\n\n<p>Cette importante rencontre intervient dans un contexte d\u00e9licat marqu\u00e9 notamment par la prolif\u00e9ration des crises et des conflits dus \u00e0 l\u2019extension de la menace terroriste mondiale, \u00e0 la mont\u00e9e du fondamentalisme, de la x\u00e9nophobie et du populisme d&rsquo;une part et \u00e0 l\u2019aggravation de la crise \u00e9conomique mondiale, du fait de l\u2019impact&nbsp;de la pand\u00e9mie de la Covid-19 sur la quasi-totalit\u00e9 des \u00e9conomies du monde d&rsquo;autre part.<\/p>\n\n\n\n<p>La Tunisie s\u2019est engag\u00e9e \u00e0 ne m\u00e9nager aucun effort pour assurer la&nbsp;r\u00e9ussite du Sommet de Djerba aussi bien sur le plan organisationnel que th\u00e9matique, pour \u00eatre \u00e0 la hauteur des attentes des pays membres et pour faire de ce Sommet&nbsp;un v\u00e9ritable tournant dans l\u2019histoire de la Francophonie et un nouveau d\u00e9part pour le projet francophone.<\/p>\n","protected":false},"excerpt":{"rendered":"<p>La La Tunisie abritera les 20 et 21 novembre 2021 dans l\u2019\u00eele de Djerba, la XVIII\u00e8me Conf\u00e9rence des Chefs d\u2019Etat&#8230;<\/p>\n","protected":false},"author":1,"featured_media":2496,"comment_status":"closed","ping_status":"closed","sticky":false,"template":"","format":"standard","meta":{"fifu_image_url":"https:\/\/i2.wp.com\/lapresse.tn\/wp-content\/uploads\/2021\/09\/Djerba-francophonie.jpg?resize=660%2C450&ssl=1","fifu_image_alt":"Sommet de la Francophonie Djerba Tunisie 2021","footnotes":""},"categories":[231],"tags":[34,227,135,92,129],"class_list":["post-2494","post","type-post","status-publish","format-standard","has-post-thumbnail","hentry","category-medenine","tag-business","tag-cooperation-internationale","tag-djerba","tag-francophonie","tag-patrimoine-tunisien"],"_links":{"self":[{"href":"https:\/\/www.amazing-tunisia.com\/fr\/wp-json\/wp\/v2\/posts\/2494","targetHints":{"allow":["GET"]}}],"collection":[{"href":"https:\/\/www.amazing-tunisia.com\/fr\/wp-json\/wp\/v2\/posts"}],"about":[{"href":"https:\/\/www.amazing-tunisia.com\/fr\/wp-json\/wp\/v2\/types\/post"}],"author":[{"embeddable":true,"href":"https:\/\/www.amazing-tunisia.com\/fr\/wp-json\/wp\/v2\/users\/1"}],"replies":[{"embeddable":true,"href":"https:\/\/www.amazing-tunisia.com\/fr\/wp-json\/wp\/v2\/comments?post=2494"}],"version-history":[{"count":1,"href":"https:\/\/www.amazing-tunisia.com\/fr\/wp-json\/wp\/v2\/posts\/2494\/revisions"}],"predecessor-version":[{"id":2495,"href":"https:\/\/www.amazing-tunisia.com\/fr\/wp-json\/wp\/v2\/posts\/2494\/revisions\/2495"}],"wp:featuredmedia":[{"embeddable":true,"href":"https:\/\/www.amazing-tunisia.com\/fr\/wp-json\/wp\/v2\/media\/2496"}],"wp:attachment":[{"href":"https:\/\/www.amazing-tunisia.com\/fr\/wp-json\/wp\/v2\/media?parent=2494"}],"wp:term":[{"taxonomy":"category","embeddable":true,"href":"https:\/\/www.amazing-tunisia.com\/fr\/wp-json\/wp\/v2\/categories?post=2494"},{"taxonomy":"post_tag","embeddable":true,"href":"https:\/\/www.amazing-tunisia.com\/fr\/wp-json\/wp\/v2\/tags?post=2494"}],"curies":[{"name":"wp","href":"https:\/\/api.w.org\/{rel}","templated":true}]}}