{"id":2417,"date":"2020-04-11T14:26:35","date_gmt":"2020-04-11T13:26:35","guid":{"rendered":"https:\/\/www.amazing-tunisia.com\/fr\/?p=2417"},"modified":"2020-04-11T14:26:37","modified_gmt":"2020-04-11T13:26:37","slug":"appel-a-projets-international-covid-19","status":"publish","type":"post","link":"https:\/\/www.amazing-tunisia.com\/fr\/appel-a-projets-international-covid-19\/","title":{"rendered":"Appel \u00e0 projets international COVID-19"},"content":{"rendered":"\n<p><strong>Dans le cadre de son plan d&rsquo;actions sp\u00e9cial COVID-19, l\u2019AUF lance un appel \u00e0 projets international pour soutenir des initiatives d\u2019\u00e9tudiant.e.s, d&rsquo;\u00e9l\u00e8ves-ing\u00e9nieurs et de jeunes chercheur.e.s li\u00e9es \u00e0 la pand\u00e9mie. Toute initiative ayant un impact technologique, \u00e9conomique et\/ou social \u00e9valuable \u00e0 tr\u00e8s court terme est \u00e9ligible. Un fonds exceptionnel de 500 000 euros est consacr\u00e9 \u00e0 cet appel. Des projets de moins de 10 000 euros jusqu&rsquo;\u00e0 50 000 euros pourront \u00eatre financ\u00e9s. L&rsquo;appel est ouvert jusqu&rsquo;au 3 mai 2020.<\/strong><\/p>\n\n\n\n<p>En riposte \u00e0 la pand\u00e9mie de COVID-19 \u00e0 laquelle le monde entier fait face, l\u2019Agence&nbsp;universitaire de la Francophonie (AUF), fid\u00e8le \u00e0 ses valeurs de solidarit\u00e9 et de partage, a mis en place un vaste&nbsp;<a href=\"https:\/\/www.auf.org\/nouvelles\/actualites\/plan-dactions-de-lauf-special-pandemie-covid-19\/\" target=\"_blank\" rel=\"noreferrer noopener\">plan d\u2019actions<\/a>&nbsp;\u00e0 destination de ses&nbsp;<a href=\"https:\/\/www.auf.org\/les_membres\/nos-membres\/\" target=\"_blank\" rel=\"noreferrer noopener\">\u00e9tablissements membres<\/a>&nbsp;et de ses partenaires.&nbsp;Parmi les actions programm\u00e9es (Axe IV \u2013 Action 10),&nbsp; l\u2019AUF lance&nbsp;un appel \u00e0 projets international exceptionnel avec un processus acc\u00e9l\u00e9r\u00e9 et simplifi\u00e9 de soumission, d\u2019\u00e9valuation et de s\u00e9lection.<\/p>\n\n\n\n<p>Cet appel est&nbsp;destin\u00e9 \u00e0 soutenir les nombreuses initiatives li\u00e9es \u00e0 la pand\u00e9mie qui \u00e9closent dans un espace universitaire tr\u00e8s r\u00e9actif, ing\u00e9nieux et responsable qui s\u2019appuie sur des r\u00e9seaux collaboratifs d\u2019\u00e9tudiant.e.s, d\u2019enseignant.e.s, de chercheur.e.s particuli\u00e8rement cr\u00e9atifs et innovants.<\/p>\n\n\n\n<p>L\u2019objectif est de&nbsp;valoriser l\u2019apport des universit\u00e9s membres de l\u2019AUF au d\u00e9veloppement de solutions \u00e0 impact technologique et\/ou social imm\u00e9diat pour aider les syst\u00e8mes de sant\u00e9 et les populations \u00e0 faire face aux difficult\u00e9s provoqu\u00e9es par la pand\u00e9mie COVID-19.<\/p>\n\n\n\n<p>Toute initiative ayant un impact technologique, \u00e9conomique et\/ou social \u00e9valuable \u00e0 tr\u00e8s court terme est \u00e9ligible.&nbsp;Il peut s\u2019agir d\u2019un dispositif d\u2019aide ou d\u2019accompagnement, comme d\u2019un produit manufactur\u00e9.<\/p>\n\n\n\n<p>Par exemple (liste non exhaustive) :<\/p>\n\n\n\n<ul class=\"wp-block-list\"><li>production de mat\u00e9riels indispensables aux soins, \u00e0 la protection ou \u00e0 la pr\u00e9vention des risques sanitaires (masques, gants, d\u00e9sinfectants, respirateurs, \u00e9couvillons\u2026),<\/li><li>actions de sant\u00e9 publique,<\/li><li>d\u00e9veloppement d\u2019applications,<\/li><li>d\u00e9veloppement d\u2019outils d\u2019aide \u00e0 la d\u00e9cision,<\/li><li>communication et sensibilisation&nbsp;sur&nbsp;\u00e0&nbsp;la pr\u00e9vention des risques sanitaires,<\/li><li>aide aux personnes vuln\u00e9rables ou isol\u00e9es,<\/li><li>pr\u00e9vention des impacts psychologique ou socio-\u00e9conomique de la crise sanitaire,<\/li><li>lutte contre les violences faites aux femmes et enfants en p\u00e9riode de confinement.<\/li><\/ul>\n\n\n\n<p>Face \u00e0 l\u2019urgence et aux immenses besoins, l\u2019AUF consacre \u00e0 cet appel un fonds exceptionnel de 500 000 euros.<\/p>\n\n\n\n<p>Budg\u00e9tairement, les projets \u00e0 soumettre sont divis\u00e9s en 2 cat\u00e9gories&nbsp;:<\/p>\n\n\n\n<ul class=\"wp-block-list\"><li>Projets cat\u00e9gorie A&nbsp;(projet ayant un impact technologique, \u00e9conomique et\/ou social \u00e0 effet imm\u00e9diat)&nbsp;:<ul><li>A1- projets propos\u00e9s \u00e0 moins de 10.000 euros<\/li><li>A2- projets propos\u00e9s compris entre 10.000 euros et 20.000 euros<\/li><\/ul><\/li><li>Projets cat\u00e9gorie B (projet exceptionnel \u00e0 fort impact ou particuli\u00e8rement innovant, avec une dimension inter-r\u00e9gionale ou internationale)&nbsp;:<ul><li>B- projets propos\u00e9s jusqu\u2019\u00e0 50 000 euros<\/li><\/ul><\/li><\/ul>\n\n\n\n<p>La date de limite de candidature est fix\u00e9e au dimanche 3 mai 2020.<\/p>\n\n\n\n<p><strong>Pour acc\u00e9der \u00e0 l\u2019int\u00e9gralit\u00e9 de l\u2019appel \u00e0 projet (pdf)&nbsp; :<\/strong><\/p>\n\n\n\n<ul class=\"wp-block-list\"><li><a href=\"https:\/\/www.auf.org\/wp-content\/uploads\/2020\/04\/AUF_AAP-COVID-19_DER-1.pdf\" target=\"_blank\" rel=\"noreferrer noopener\"><strong>Version fran\u00e7aise<\/strong><\/a><\/li><li><a href=\"https:\/\/www.auf.org\/wp-content\/uploads\/2020\/04\/AUF_AAP-COVID-19_EN.pdf\" target=\"_blank\" rel=\"noreferrer noopener\"><strong>Version anglaise<\/strong><\/a><\/li><\/ul>\n\n\n\n<p><strong>Pour t\u00e9l\u00e9charger le formulaire de candidature :&nbsp;<a href=\"https:\/\/www.auf.org\/wp-content\/uploads\/2020\/04\/AUF_AAP-COVID-19-Formulaire-candidature-V3-1.docx\" target=\"_blank\" rel=\"noreferrer noopener\">cliquez ici<\/a><br><\/strong><\/p>\n\n\n\n<p><strong>Pour d\u00e9poser votre projet :&nbsp;<a href=\"https:\/\/formulaires.auf.org\/\" target=\"_blank\" rel=\"noopener\">https:\/\/formulaires.auf.org<\/a>&nbsp;(inscription gratuite pr\u00e9alable)<\/strong><\/p>\n\n\n\n<p>Toute demande de pr\u00e9cision peut \u00eatre envoy\u00e9e \u00e0 l\u2019adresse suivante jusqu\u2019au mardi 28 avril \u00e0 12h00 (heure de Paris)&nbsp;:&nbsp;<a href=\"mailto:appel-covid19@auf.org\">appel-covid19@auf.org<\/a><\/p>\n","protected":false},"excerpt":{"rendered":"<p>Dans le cadre de son plan d&rsquo;actions sp\u00e9cial COVID-19, l\u2019AUF lance un appel \u00e0 projets international pour soutenir des initiatives&#8230;<\/p>\n","protected":false},"author":1,"featured_media":2419,"comment_status":"closed","ping_status":"closed","sticky":false,"template":"","format":"standard","meta":{"fifu_image_url":"","fifu_image_alt":"","footnotes":""},"categories":[1],"tags":[363,365,364,285,92,36],"class_list":["post-2417","post","type-post","status-publish","format-standard","has-post-thumbnail","hentry","category-news","tag-auf","tag-corona","tag-covid-19","tag-entrepreneuriat","tag-francophonie","tag-startup"],"_links":{"self":[{"href":"https:\/\/www.amazing-tunisia.com\/fr\/wp-json\/wp\/v2\/posts\/2417","targetHints":{"allow":["GET"]}}],"collection":[{"href":"https:\/\/www.amazing-tunisia.com\/fr\/wp-json\/wp\/v2\/posts"}],"about":[{"href":"https:\/\/www.amazing-tunisia.com\/fr\/wp-json\/wp\/v2\/types\/post"}],"author":[{"embeddable":true,"href":"https:\/\/www.amazing-tunisia.com\/fr\/wp-json\/wp\/v2\/users\/1"}],"replies":[{"embeddable":true,"href":"https:\/\/www.amazing-tunisia.com\/fr\/wp-json\/wp\/v2\/comments?post=2417"}],"version-history":[{"count":1,"href":"https:\/\/www.amazing-tunisia.com\/fr\/wp-json\/wp\/v2\/posts\/2417\/revisions"}],"predecessor-version":[{"id":2420,"href":"https:\/\/www.amazing-tunisia.com\/fr\/wp-json\/wp\/v2\/posts\/2417\/revisions\/2420"}],"wp:featuredmedia":[{"embeddable":true,"href":"https:\/\/www.amazing-tunisia.com\/fr\/wp-json\/wp\/v2\/media\/2419"}],"wp:attachment":[{"href":"https:\/\/www.amazing-tunisia.com\/fr\/wp-json\/wp\/v2\/media?parent=2417"}],"wp:term":[{"taxonomy":"category","embeddable":true,"href":"https:\/\/www.amazing-tunisia.com\/fr\/wp-json\/wp\/v2\/categories?post=2417"},{"taxonomy":"post_tag","embeddable":true,"href":"https:\/\/www.amazing-tunisia.com\/fr\/wp-json\/wp\/v2\/tags?post=2417"}],"curies":[{"name":"wp","href":"https:\/\/api.w.org\/{rel}","templated":true}]}}