{"id":221,"date":"2014-11-25T15:02:13","date_gmt":"2014-11-25T14:02:13","guid":{"rendered":"http:\/\/www.amazing-tunisia.com\/fr\/?p=221"},"modified":"2015-12-07T13:51:01","modified_gmt":"2015-12-07T12:51:01","slug":"lancement-de-la-chambre-economique-europeenne-de-commerce-a-tunis","status":"publish","type":"post","link":"https:\/\/www.amazing-tunisia.com\/fr\/lancement-de-la-chambre-economique-europeenne-de-commerce-a-tunis\/","title":{"rendered":"Lancement de la Chambre \u00c9conomique Europ\u00e9enne de Commerce \u00e0 Tunis"},"content":{"rendered":"<figure style=\"width: 740px\" class=\"wp-caption aligncenter\"><img fetchpriority=\"high\" decoding=\"async\" class=\"\" src=\"http:\/\/www.made-in-tunisia.net\/_medias_files\/news_files\/nw_15650_207551650.jpg\" alt=\"Chambre \u00c9conomique Europ\u00e9enne de Commerce \u00e0 Tunis\" width=\"740\" height=\"387\" \/><figcaption class=\"wp-caption-text\">Chambre \u00c9conomique Europ\u00e9enne de Commerce \u00e0 Tunis<\/figcaption><\/figure>\n<blockquote><p>Journ\u00e9e de pr\u00e9sentation de la EUROPEAN ECONOMIC CHAMBER OF TRADE, COMMERCE AND INDUSTRY (EEIG) en Tunisie\u00a0<strong>le 4 d\u00e9cembre 2014, au si\u00e8ge du CEPEX, \u00e0 Tunis.<\/strong><\/p><\/blockquote>\n<p>9:30 Accueil et enregistrement des participants<\/p>\n<p><!--more--><\/p>\n<p>1\u00e8re Partie : Conf\u00e9rence de presse<br \/>\n10:00 Pr\u00e9sentation de la EUROPEAN ECONOMIC CHAMBER OF TRADE, COMMERCE AND INDUSTRY (EEIG)<br \/>\n11:00 Cl\u00f4ture de la conf\u00e9rence de presse et Pause caf\u00e9<\/p>\n<p>Conf\u00e9rence de pr\u00e9sentation au profit des entreprises Tunisiennes<br \/>\n11:30 Les outils et m\u00e9canismes que EEIG met \u00e0 la disposition des entreprises Tunisiennes pour acc\u00e9der au march\u00e9s et financements Europ\u00e9ens.<br \/>\n12:30 Pr\u00e9sentation du programme 2015 mis en place par EEIG pour la promotion des entreprises Tunisiennes en Europe et dans le monde<br \/>\n13:00 Cl\u00f4ture de la conf\u00e9rence.<\/p>\n","protected":false},"excerpt":{"rendered":"<p>Journ\u00e9e de pr\u00e9sentation de la EUROPEAN ECONOMIC CHAMBER OF TRADE, COMMERCE AND INDUSTRY (EEIG) en Tunisie\u00a0le 4 d\u00e9cembre 2014, au&#8230;<\/p>\n","protected":false},"author":1,"featured_media":0,"comment_status":"closed","ping_status":"open","sticky":false,"template":"","format":"standard","meta":{"fifu_image_url":"","fifu_image_alt":"","footnotes":""},"categories":[9],"tags":[34],"class_list":["post-221","post","type-post","status-publish","format-standard","hentry","category-evenements","tag-business"],"_links":{"self":[{"href":"https:\/\/www.amazing-tunisia.com\/fr\/wp-json\/wp\/v2\/posts\/221","targetHints":{"allow":["GET"]}}],"collection":[{"href":"https:\/\/www.amazing-tunisia.com\/fr\/wp-json\/wp\/v2\/posts"}],"about":[{"href":"https:\/\/www.amazing-tunisia.com\/fr\/wp-json\/wp\/v2\/types\/post"}],"author":[{"embeddable":true,"href":"https:\/\/www.amazing-tunisia.com\/fr\/wp-json\/wp\/v2\/users\/1"}],"replies":[{"embeddable":true,"href":"https:\/\/www.amazing-tunisia.com\/fr\/wp-json\/wp\/v2\/comments?post=221"}],"version-history":[{"count":0,"href":"https:\/\/www.amazing-tunisia.com\/fr\/wp-json\/wp\/v2\/posts\/221\/revisions"}],"wp:attachment":[{"href":"https:\/\/www.amazing-tunisia.com\/fr\/wp-json\/wp\/v2\/media?parent=221"}],"wp:term":[{"taxonomy":"category","embeddable":true,"href":"https:\/\/www.amazing-tunisia.com\/fr\/wp-json\/wp\/v2\/categories?post=221"},{"taxonomy":"post_tag","embeddable":true,"href":"https:\/\/www.amazing-tunisia.com\/fr\/wp-json\/wp\/v2\/tags?post=221"}],"curies":[{"name":"wp","href":"https:\/\/api.w.org\/{rel}","templated":true}]}}