{"id":2127,"date":"2018-12-03T13:56:04","date_gmt":"2018-12-03T12:56:04","guid":{"rendered":"http:\/\/www.amazing-tunisia.com\/fr\/?p=2127"},"modified":"2019-04-10T16:12:53","modified_gmt":"2019-04-10T15:12:53","slug":"election-de-la-tunisie-a-la-vice-presidence-du-cajef","status":"publish","type":"post","link":"https:\/\/www.amazing-tunisia.com\/fr\/election-de-la-tunisie-a-la-vice-presidence-du-cajef\/","title":{"rendered":"Election de la Tunisie \u00e0 la vice-pr\u00e9sidence du CAJEF"},"content":{"rendered":"<div>Le Tunisien&nbsp;Slimane&nbsp; Bousrih&nbsp;a \u00e9t\u00e9 \u00e9lu vice pr\u00e9sident du Conseil Africain des Jeunes Entrepreneurs Francophones&nbsp;(CAJEF Afrique), charg\u00e9 des relations publiques et partenariats par l&rsquo;Assembl\u00e9e g\u00e9n\u00e9rale de cette organisation qui vient de se tenir dans la capitale malienne, Bamako.<\/div>\n<p><!--more--><\/p>\n<div>Le Conseil Africain des Jeunes Entrepreneurs Francophones dont le si\u00e8ge est \u00e0 Abidjan a \u00e9t\u00e9 cr\u00e9\u00e9 en 2017 est repr\u00e9sent\u00e9 dans 12 pays Africains Francophones. M. Bousrih est actuellement pr\u00e9sident de&nbsp;CAFEJ-Tunisie<\/div>\n<div>L&rsquo;objectif du Conseil Africain est:<\/div>\n<div><\/div>\n<div>\n<ul>\n<li>Inciter la jeunesse francophone \u00e0 l\u2019entrepreneuriat;<\/li>\n<li>Favoriser la cr\u00e9ation des conditions d\u2019\u00e9mergence des jeunes entrepreneurs membre du R\u00e9seau;<\/li>\n<li>Etre une plateforme d\u2019opportunit\u00e9 d\u2019affaires et d\u2019\u00e9change entre les membres du R\u00e9seau.<\/li>\n<li>Amener la jeunesse francophone \u00e0 oser entreprendre.<\/li>\n<\/ul>\n<\/div>\n","protected":false},"excerpt":{"rendered":"<p>Le Tunisien&nbsp;Slimane&nbsp; Bousrih&nbsp;a \u00e9t\u00e9 \u00e9lu vice pr\u00e9sident du Conseil Africain des Jeunes Entrepreneurs Francophones&nbsp;(CAJEF Afrique), charg\u00e9 des relations publiques et&#8230;<\/p>\n","protected":false},"author":1,"featured_media":2201,"comment_status":"closed","ping_status":"closed","sticky":false,"template":"","format":"standard","meta":{"fifu_image_url":"http:\/\/www.made-in-tunisia.net\/_medias_files\/news_files\/nw_15650_247399650.jpg","fifu_image_alt":"Election de la Tunisie \u00e0 la vice-pr\u00e9sidence du CAJEF","footnotes":""},"categories":[253,1],"tags":[60,74,310,311,285,92,98,36],"class_list":["post-2127","post","type-post","status-publish","format-standard","has-post-thumbnail","hentry","category-association","category-news","tag-afrique","tag-associations","tag-bamako","tag-cajef","tag-entrepreneuriat","tag-francophonie","tag-jeunesse","tag-startup"],"_links":{"self":[{"href":"https:\/\/www.amazing-tunisia.com\/fr\/wp-json\/wp\/v2\/posts\/2127","targetHints":{"allow":["GET"]}}],"collection":[{"href":"https:\/\/www.amazing-tunisia.com\/fr\/wp-json\/wp\/v2\/posts"}],"about":[{"href":"https:\/\/www.amazing-tunisia.com\/fr\/wp-json\/wp\/v2\/types\/post"}],"author":[{"embeddable":true,"href":"https:\/\/www.amazing-tunisia.com\/fr\/wp-json\/wp\/v2\/users\/1"}],"replies":[{"embeddable":true,"href":"https:\/\/www.amazing-tunisia.com\/fr\/wp-json\/wp\/v2\/comments?post=2127"}],"version-history":[{"count":2,"href":"https:\/\/www.amazing-tunisia.com\/fr\/wp-json\/wp\/v2\/posts\/2127\/revisions"}],"predecessor-version":[{"id":2200,"href":"https:\/\/www.amazing-tunisia.com\/fr\/wp-json\/wp\/v2\/posts\/2127\/revisions\/2200"}],"wp:featuredmedia":[{"embeddable":true,"href":"https:\/\/www.amazing-tunisia.com\/fr\/wp-json\/wp\/v2\/media\/2201"}],"wp:attachment":[{"href":"https:\/\/www.amazing-tunisia.com\/fr\/wp-json\/wp\/v2\/media?parent=2127"}],"wp:term":[{"taxonomy":"category","embeddable":true,"href":"https:\/\/www.amazing-tunisia.com\/fr\/wp-json\/wp\/v2\/categories?post=2127"},{"taxonomy":"post_tag","embeddable":true,"href":"https:\/\/www.amazing-tunisia.com\/fr\/wp-json\/wp\/v2\/tags?post=2127"}],"curies":[{"name":"wp","href":"https:\/\/api.w.org\/{rel}","templated":true}]}}