{"id":1877,"date":"2017-09-12T23:00:07","date_gmt":"2017-09-12T22:00:07","guid":{"rendered":"http:\/\/www.amazing-tunisia.com\/fr\/?p=1877"},"modified":"2017-10-23T14:56:29","modified_gmt":"2017-10-23T13:56:29","slug":"village-associatif-du-forum-jeunesse","status":"publish","type":"post","link":"https:\/\/www.amazing-tunisia.com\/fr\/village-associatif-du-forum-jeunesse\/","title":{"rendered":"Village associatif du Forum Jeunesse 2017"},"content":{"rendered":"<p>Le village associatif a pour but de contribuer au renforcement des liens entre la soci\u00e9t\u00e9 civile et ses diff\u00e9rentes parties partenaires : autres associations, grand public, acteurs publics\/priv\u00e9s, m\u00e9dias.<!--more-->Il aura lieu \u00e0 Sfax sur l\u2019espace des \u00ab\u00a0100 m\u00e8tres\u00a0\u00bb, en face de la place Beb Diwan. Un espace vivant et convivial sera mis en place au c\u0153ur de la ville pour accueillir une trentaine d\u2019associations du gouvernorat de Sfax et des gouvernorats voisins du Sud et de l\u2019Int\u00e9rieur : Tataouine, Gab\u00e8s, M\u00e9denine et Sidi Bouzid. Chacun pourra ainsi valoriser ses projets aupr\u00e8s des participants du Forum Jeunesse et plus largement aupr\u00e8s des nombreux autres acteurs pr\u00e9sents et du grand public.Des stands vous seront attribu\u00e9s aux associations qui feront les meilleurs propositions de pr\u00e9sentations de leurs activit\u00e9s et d\u2019animation.En plus de l\u2019espace du 100 m\u00e8tres d\u00e9di\u00e9 aux diff\u00e9rents stands, des d\u00e9bats seront organis\u00e9s dans plusieurs lieux de la M\u00e9dina.N\u2019h\u00e9sitez pas \u00e0 nous faire des propositions pour les animer.Toutes vos id\u00e9es seront \u00e9tudi\u00e9es en d\u00e9tail par le comit\u00e9 d\u2019organisation du village apr\u00e8s la cl\u00f4ture de cet appel \u00e0 participation le 31 ao\u00fbt 2017.<\/p>\n<p>Source\u00a0: <em><a href=\"http:\/\/jamaity.org\/event\/village-associatif-du-forum-jeunesse-2017\/\" target=\"_blank\" rel=\"noopener\">Jamaity<\/a><\/em><\/p>\n","protected":false},"excerpt":{"rendered":"<p>Le village associatif a pour but de contribuer au renforcement des liens entre la soci\u00e9t\u00e9 civile et ses diff\u00e9rentes parties&#8230;<\/p>\n","protected":false},"author":1,"featured_media":-1,"comment_status":"closed","ping_status":"closed","sticky":false,"template":"","format":"standard","meta":{"fifu_image_url":"http:\/\/jamaity.org\/wp-content\/uploads\/2017\/08\/village-740x295.jpg","fifu_image_alt":"","footnotes":""},"categories":[253,9],"tags":[74,98],"class_list":["post-1877","post","type-post","status-publish","format-standard","has-post-thumbnail","hentry","category-association","category-evenements","tag-associations","tag-jeunesse"],"_links":{"self":[{"href":"https:\/\/www.amazing-tunisia.com\/fr\/wp-json\/wp\/v2\/posts\/1877","targetHints":{"allow":["GET"]}}],"collection":[{"href":"https:\/\/www.amazing-tunisia.com\/fr\/wp-json\/wp\/v2\/posts"}],"about":[{"href":"https:\/\/www.amazing-tunisia.com\/fr\/wp-json\/wp\/v2\/types\/post"}],"author":[{"embeddable":true,"href":"https:\/\/www.amazing-tunisia.com\/fr\/wp-json\/wp\/v2\/users\/1"}],"replies":[{"embeddable":true,"href":"https:\/\/www.amazing-tunisia.com\/fr\/wp-json\/wp\/v2\/comments?post=1877"}],"version-history":[{"count":3,"href":"https:\/\/www.amazing-tunisia.com\/fr\/wp-json\/wp\/v2\/posts\/1877\/revisions"}],"predecessor-version":[{"id":1908,"href":"https:\/\/www.amazing-tunisia.com\/fr\/wp-json\/wp\/v2\/posts\/1877\/revisions\/1908"}],"wp:featuredmedia":[{"embeddable":true,"href":"https:\/\/www.amazing-tunisia.com\/fr\/wp-json\/"}],"wp:attachment":[{"href":"https:\/\/www.amazing-tunisia.com\/fr\/wp-json\/wp\/v2\/media?parent=1877"}],"wp:term":[{"taxonomy":"category","embeddable":true,"href":"https:\/\/www.amazing-tunisia.com\/fr\/wp-json\/wp\/v2\/categories?post=1877"},{"taxonomy":"post_tag","embeddable":true,"href":"https:\/\/www.amazing-tunisia.com\/fr\/wp-json\/wp\/v2\/tags?post=1877"}],"curies":[{"name":"wp","href":"https:\/\/api.w.org\/{rel}","templated":true}]}}