{"id":1576,"date":"2016-03-07T17:43:05","date_gmt":"2016-03-07T16:43:05","guid":{"rendered":"http:\/\/www.amazing-tunisia.com\/fr\/?p=1576"},"modified":"2016-04-20T14:15:59","modified_gmt":"2016-04-20T13:15:59","slug":"photos-de-la-journee-amazigh-a-la-marsa","status":"publish","type":"post","link":"https:\/\/www.amazing-tunisia.com\/fr\/photos-de-la-journee-amazigh-a-la-marsa\/","title":{"rendered":"Photos de la journ\u00e9e Amazigh \u00e0 la Marsa"},"content":{"rendered":"<figure id=\"attachment_1577\" aria-describedby=\"caption-attachment-1577\" style=\"width: 692px\" class=\"wp-caption aligncenter\"><a href=\"https:\/\/www.amazing-tunisia.com\/fr\/wp-content\/uploads\/2016\/03\/home.jpg\"><img fetchpriority=\"high\" decoding=\"async\" class=\"size-large wp-image-1577\" src=\"https:\/\/www.amazing-tunisia.com\/fr\/wp-content\/uploads\/2016\/03\/home-1024x678.jpg\" alt=\"Journ\u00e9e Amazigh \u00e0 la Marsa\" width=\"692\" height=\"458\" srcset=\"https:\/\/www.amazing-tunisia.com\/fr\/wp-content\/uploads\/2016\/03\/home-1024x678.jpg 1024w, https:\/\/www.amazing-tunisia.com\/fr\/wp-content\/uploads\/2016\/03\/home-300x199.jpg 300w, https:\/\/www.amazing-tunisia.com\/fr\/wp-content\/uploads\/2016\/03\/home.jpg 1600w\" sizes=\"(max-width: 692px) 100vw, 692px\" \/><\/a><figcaption id=\"caption-attachment-1577\" class=\"wp-caption-text\">Journ\u00e9e Amazigh \u00e0 la Marsa<\/figcaption><\/figure>\n<p style=\"text-align: justify;\">Dimanche dernier, au traditionnel caf\u00e9 du\u00a0Saf-Saf\u00a0 \u00e0 la Marsa, les visiteurs ont eu rendez-vous\u00a0avec une ambiance particuli\u00e8re teint\u00e9 au th\u00e8me Amazigh \u00e0 l&rsquo;occasion d&rsquo;une initiative de l&rsquo;association Saf-Saf\u00a0qui a organis\u00e9 ce jour l\u00e0 leur\u00a0\u00e9v\u00e9nement culturel\u00a0\u00ab\u00a0Journ\u00e9e Amazigh au Saf-Saf\u00a0\u00bb.<!--more--><\/p>\n<p style=\"text-align: justify;\">Sous un\u00a0beau soleil de Mars, les exposants ont rajout\u00e9 des couleurs \u00e0 cet \u00e9v\u00e9nement avec une vari\u00e9t\u00e9 de produits expos\u00e9s \u00e0 la vente au grand public. Des bijoux artisanales, des habits traditionnelles, des d\u00e9corations au th\u00e8me Amazigh, des tapis et \u00ab\u00a0Klim\u00a0\u00bb faits \u00e0 la main avec le savoir faire authentique des r\u00e9gions tunisiennes, ont fait une mosa\u00efque originale qui a attir\u00e9 la curiosit\u00e9 des visiteurs du\u00a0Saf-Saf\u00a0.<\/p>\n<p style=\"text-align: justify;\">Le patrimoine culinaire Amazigh \u00e9t\u00e9 aussi \u00e0 la f\u00eate. On a pu d\u00e9guster de la harissa\u00a0traditionnelle qui vient directement des fermes du Cap Bon, mais aussi des jus 100% naturels \u00e0 base de\u00a0citrouille et du \u00ab\u00a0Kaak war9a\u00a0\u00bb de Zaghouan sans oublier le huile d&rsquo;olive bio au diff\u00e9rent aromes naturel\u00a0au grand plaisir des nombreux touristes\u00a0\u00e9trangers.<\/p>\n<p style=\"text-align: justify;\">Une initiative bien r\u00e9ussie qui refl\u00e8te notre richesse culturelle Amazigh et d\u00e9voile un potentiel \u00e9conomique et touristique \u00e0 exploiter pour le bien de notre pays.<\/p>\n<h4 style=\"text-align: justify;\">D\u00e9couvrez les photos de la journ\u00e9e ci-dessous<\/h4>\n<div id=\"fb-root\"><\/div>\n<p><script>\/\/ <![CDATA[\n(function(d, s, id) { var js, fjs = d.getElementsByTagName(s)[0]; if (d.getElementById(id)) return; js = d.createElement(s); js.id = id; js.src = \"\/\/connect.facebook.net\/en_US\/sdk.js#xfbml=1&#038;version=v2.3\"; fjs.parentNode.insertBefore(js, fjs);}(document, 'script', 'facebook-jssdk'));\n\/\/ ]]><\/script><\/p>\n<div class=\"fb-post\" data-href=\"https:\/\/www.facebook.com\/media\/set\/?set=a.557702527723451.1073741844.134303606730014&amp;type=3\" data-width=\"500\">\n<div class=\"fb-xfbml-parse-ignore\">\n<blockquote cite=\"https:\/\/www.facebook.com\/media\/set\/?set=a.557702527723451.1073741844.134303606730014&amp;type=3\"><p>Dimanche dernier, au traditionnel caf\u00e9 du Saf-Saf \u00e0 la Marsa, les visiteurs ont eu rendez-vous avec une ambiance&#8230;<\/p>\n<p>Posted by <a href=\"https:\/\/www.facebook.com\/My.Amazing.Tunisia\/\" target=\"_blank\" rel=\"noopener\">Amazing Tunisia<\/a> on\u00a0<a href=\"https:\/\/www.facebook.com\/media\/set\/?set=a.557702527723451.1073741844.134303606730014&amp;type=3\" target=\"_blank\" rel=\"noopener\">Monday, March 7, 2016<\/a><\/p><\/blockquote>\n<\/div>\n<\/div>\n","protected":false},"excerpt":{"rendered":"<p>Dimanche dernier, au traditionnel caf\u00e9 du\u00a0Saf-Saf\u00a0 \u00e0 la Marsa, les visiteurs ont eu rendez-vous\u00a0avec une ambiance particuli\u00e8re teint\u00e9 au th\u00e8me&#8230;<\/p>\n","protected":false},"author":1,"featured_media":1577,"comment_status":"closed","ping_status":"closed","sticky":false,"template":"","format":"standard","meta":{"fifu_image_url":"","fifu_image_alt":"","footnotes":""},"categories":[1],"tags":[90,50,80,97,11,129],"class_list":["post-1576","post","type-post","status-publish","format-standard","has-post-thumbnail","hentry","category-news","tag-amazigh","tag-berbere","tag-huile-dolive","tag-marsa","tag-patrimoine-culinaire","tag-patrimoine-tunisien"],"_links":{"self":[{"href":"https:\/\/www.amazing-tunisia.com\/fr\/wp-json\/wp\/v2\/posts\/1576","targetHints":{"allow":["GET"]}}],"collection":[{"href":"https:\/\/www.amazing-tunisia.com\/fr\/wp-json\/wp\/v2\/posts"}],"about":[{"href":"https:\/\/www.amazing-tunisia.com\/fr\/wp-json\/wp\/v2\/types\/post"}],"author":[{"embeddable":true,"href":"https:\/\/www.amazing-tunisia.com\/fr\/wp-json\/wp\/v2\/users\/1"}],"replies":[{"embeddable":true,"href":"https:\/\/www.amazing-tunisia.com\/fr\/wp-json\/wp\/v2\/comments?post=1576"}],"version-history":[{"count":0,"href":"https:\/\/www.amazing-tunisia.com\/fr\/wp-json\/wp\/v2\/posts\/1576\/revisions"}],"wp:featuredmedia":[{"embeddable":true,"href":"https:\/\/www.amazing-tunisia.com\/fr\/wp-json\/wp\/v2\/media\/1577"}],"wp:attachment":[{"href":"https:\/\/www.amazing-tunisia.com\/fr\/wp-json\/wp\/v2\/media?parent=1576"}],"wp:term":[{"taxonomy":"category","embeddable":true,"href":"https:\/\/www.amazing-tunisia.com\/fr\/wp-json\/wp\/v2\/categories?post=1576"},{"taxonomy":"post_tag","embeddable":true,"href":"https:\/\/www.amazing-tunisia.com\/fr\/wp-json\/wp\/v2\/tags?post=1576"}],"curies":[{"name":"wp","href":"https:\/\/api.w.org\/{rel}","templated":true}]}}