{"id":1562,"date":"2016-02-02T10:11:46","date_gmt":"2016-02-02T09:11:46","guid":{"rendered":"http:\/\/www.amazing-tunisia.com\/fr\/?p=1562"},"modified":"2016-04-20T14:15:51","modified_gmt":"2016-04-20T13:15:51","slug":"voiture-tunisienne-wallyscar-sera-exposee-public","status":"publish","type":"post","link":"https:\/\/www.amazing-tunisia.com\/fr\/voiture-tunisienne-wallyscar-sera-exposee-public\/","title":{"rendered":"La voiture Tunisienne Wallyscar sera expos\u00e9e au public"},"content":{"rendered":"<div><img fetchpriority=\"high\" decoding=\"async\" class=\"alignnone\" src=\"http:\/\/www.made-in-tunisia.net\/_medias_files\/news_files\/nw_15650_218941650.jpg\" alt=\"\" width=\"760\" height=\"357\" \/><\/div>\n<div><\/div>\n<div>Durant le Salon de l&rsquo;Entrepreneuriat, les 3 et 4 F\u00e9vrier au si\u00e8ge de l&rsquo;UTICA, plusieurs jeunes entrepreneurs prendront part de l&rsquo;\u00e9v\u00e9nement pour exposer leurs projets et r\u00e9alisations mais aussi pour t\u00e9moigner lors des conf\u00e9rences et pl\u00e9ni\u00e8res afin de partager exp\u00e9rience \u00a0avec les centaines de jeunes futurs entrepreneurs et porteurs de projets autour du potentiel de l&rsquo;entrepreneuriat en Tunisie mais aussi des difficult\u00e9s rencontr\u00e9s et des solutions ad\u00e9quates pour les r\u00e9soudre.<\/div>\n<p><!--more--><\/p>\n<div>Parmi les invit\u00e9s phares de l&rsquo;\u00e9v\u00e9nement on trouve les jeunes fr\u00e8res Zied et Omar Guiga, fondateurs de Wallys Services premier constructeur Arabe et Africain enregistr\u00e9 \u00e0 la Society of Automobiles Engineers Organisation (SAE Org), et qui vont enrichir le d\u00e9bat de deux pl\u00e9ni\u00e8res durant le salon :<\/div>\n<div><\/div>\n<div><a title=\"\" href=\"http:\/\/bit.ly\/1P2nRrT\" target=\"_blank\" rel=\"noopener\">&#8211; Pl\u00e9ni\u00e8re du 3 F\u00e9vrier : Envie d&rsquo;entreprendre ? Osez, pour gagner!<\/a><\/div>\n<div><a>\u00a0<\/a><\/div>\n<div><a>&#8211; Pl\u00e9ni\u00e8re du 4 F\u00e9vrier : M\u00eame pas peur ! Qui sont ces entrepreneurs qui osent tout ?<\/a><\/div>\n<div><\/div>\n<div>Par la m\u00eame occasion, le premier mod\u00e8le de la Wallyscar sera expos\u00e9 aux visiteurs du salon pour le plaisir des jeunes Tunisiens en tant que preuve physique de la capacit\u00e9 de la startup tunisienne de r\u00e9ussir dans des secteurs aussi pointus.<\/div>\n<div><\/div>\n<div><a href=\"http:\/\/www.made-in-tunisia.net\/events\/la-wallyscar-sera-exposee-au-salon-de-lentrepreneuriat-6439.html\" target=\"_blank\" rel=\"noopener\">Source : Made-in-tunisia.net<\/a><\/div>\n","protected":false},"excerpt":{"rendered":"<p>Durant le Salon de l&rsquo;Entrepreneuriat, les 3 et 4 F\u00e9vrier au si\u00e8ge de l&rsquo;UTICA, plusieurs jeunes entrepreneurs prendront part de&#8230;<\/p>\n","protected":false},"author":1,"featured_media":0,"comment_status":"closed","ping_status":"closed","sticky":false,"template":"","format":"standard","meta":{"fifu_image_url":"","fifu_image_alt":"","footnotes":""},"categories":[9],"tags":[63,36,170],"class_list":["post-1562","post","type-post","status-publish","format-standard","hentry","category-evenements","tag-auto-moto","tag-startup","tag-voiture"],"_links":{"self":[{"href":"https:\/\/www.amazing-tunisia.com\/fr\/wp-json\/wp\/v2\/posts\/1562","targetHints":{"allow":["GET"]}}],"collection":[{"href":"https:\/\/www.amazing-tunisia.com\/fr\/wp-json\/wp\/v2\/posts"}],"about":[{"href":"https:\/\/www.amazing-tunisia.com\/fr\/wp-json\/wp\/v2\/types\/post"}],"author":[{"embeddable":true,"href":"https:\/\/www.amazing-tunisia.com\/fr\/wp-json\/wp\/v2\/users\/1"}],"replies":[{"embeddable":true,"href":"https:\/\/www.amazing-tunisia.com\/fr\/wp-json\/wp\/v2\/comments?post=1562"}],"version-history":[{"count":0,"href":"https:\/\/www.amazing-tunisia.com\/fr\/wp-json\/wp\/v2\/posts\/1562\/revisions"}],"wp:attachment":[{"href":"https:\/\/www.amazing-tunisia.com\/fr\/wp-json\/wp\/v2\/media?parent=1562"}],"wp:term":[{"taxonomy":"category","embeddable":true,"href":"https:\/\/www.amazing-tunisia.com\/fr\/wp-json\/wp\/v2\/categories?post=1562"},{"taxonomy":"post_tag","embeddable":true,"href":"https:\/\/www.amazing-tunisia.com\/fr\/wp-json\/wp\/v2\/tags?post=1562"}],"curies":[{"name":"wp","href":"https:\/\/api.w.org\/{rel}","templated":true}]}}