{"id":1541,"date":"2016-01-05T17:05:19","date_gmt":"2016-01-05T16:05:19","guid":{"rendered":"http:\/\/www.amazing-tunisia.com\/fr\/?p=1541"},"modified":"2016-04-20T14:15:41","modified_gmt":"2016-04-20T13:15:41","slug":"vernissage-de-lexposition-photographique-oeil-sfax","status":"publish","type":"post","link":"https:\/\/www.amazing-tunisia.com\/fr\/vernissage-de-lexposition-photographique-oeil-sfax\/","title":{"rendered":"Vernissage de l&rsquo;Expo photo \u00ab\u00a0\u0152il sur Sfax\u00a0\u00bb"},"content":{"rendered":"<p style=\"text-align: justify;\"><img fetchpriority=\"high\" decoding=\"async\" class=\"aligncenter\" src=\"http:\/\/zaherkammoun.com\/wp-content\/uploads\/2016\/01\/12483643_10208356474613898_1916814235_n.jpg\" alt=\"\" width=\"902\" height=\"638\" \/><\/p>\n<p style=\"text-align: justify;\">A l\u2019occasion de l\u2019\u00e9v\u00e8nement \u00ab\u00a0<strong>Sfax capitale de la culture arabe\u00a02016<\/strong>\u00a0\u00bb, le photographe <strong>Zaher Kammoun<\/strong> a pris l\u2019initiative d\u2019organiser une exposition photographique personnelle intitul\u00e9e \u00ab\u00a0<strong>\u0152il sur Sfax<\/strong>\u00a0\u00bb qui va faire le tour de toute la Tunisie durant une ann\u00e9e.<!--more--><\/p>\n<p style=\"text-align: justify;\">Cette exposition a pour but la mise en valeur du patrimoine mat\u00e9riel et immat\u00e9riel de la <strong>ville de Sfax<\/strong> et promouvoir le tourisme culturel dans cette r\u00e9gion.<\/p>\n<p style=\"text-align: justify;\">La premi\u00e8re exposition ouverte pour tout le monde sera organis\u00e9e \u00e0 la biblioth\u00e8que de la m\u00e9dina de Tunis du 9 Janvier au 16 F\u00e9vrier 2016 sous l\u2019\u00e9gide de l\u2019historien<strong> Abdessettar Amamou<\/strong>. Elle fera ensuite le tour de toute la Tunisie.<\/p>\n<p style=\"text-align: right;\">Source\u00a0: <em><a href=\"http:\/\/zaherkammoun.com\/2016\/01\/02\/oeilsursfax\/\" target=\"_blank\" rel=\"noopener\">Zaher Kammoun \u00bb \u00bb Exposition photographique \u00ab\u00a0\u0152il sur Sfax\u00a0\u00bb<\/a><\/em><\/p>\n","protected":false},"excerpt":{"rendered":"<p>A l\u2019occasion de l\u2019\u00e9v\u00e8nement \u00ab\u00a0Sfax capitale de la culture arabe\u00a02016\u00a0\u00bb, le photographe Zaher Kammoun a pris l\u2019initiative d\u2019organiser une exposition&#8230;<\/p>\n","protected":false},"author":1,"featured_media":0,"comment_status":"closed","ping_status":"closed","sticky":false,"template":"","format":"standard","meta":{"fifu_image_url":"","fifu_image_alt":"","footnotes":""},"categories":[9,169],"tags":[12,46],"class_list":["post-1541","post","type-post","status-publish","format-standard","hentry","category-evenements","category-sfax","tag-photographie","tag-sfax"],"_links":{"self":[{"href":"https:\/\/www.amazing-tunisia.com\/fr\/wp-json\/wp\/v2\/posts\/1541","targetHints":{"allow":["GET"]}}],"collection":[{"href":"https:\/\/www.amazing-tunisia.com\/fr\/wp-json\/wp\/v2\/posts"}],"about":[{"href":"https:\/\/www.amazing-tunisia.com\/fr\/wp-json\/wp\/v2\/types\/post"}],"author":[{"embeddable":true,"href":"https:\/\/www.amazing-tunisia.com\/fr\/wp-json\/wp\/v2\/users\/1"}],"replies":[{"embeddable":true,"href":"https:\/\/www.amazing-tunisia.com\/fr\/wp-json\/wp\/v2\/comments?post=1541"}],"version-history":[{"count":0,"href":"https:\/\/www.amazing-tunisia.com\/fr\/wp-json\/wp\/v2\/posts\/1541\/revisions"}],"wp:attachment":[{"href":"https:\/\/www.amazing-tunisia.com\/fr\/wp-json\/wp\/v2\/media?parent=1541"}],"wp:term":[{"taxonomy":"category","embeddable":true,"href":"https:\/\/www.amazing-tunisia.com\/fr\/wp-json\/wp\/v2\/categories?post=1541"},{"taxonomy":"post_tag","embeddable":true,"href":"https:\/\/www.amazing-tunisia.com\/fr\/wp-json\/wp\/v2\/tags?post=1541"}],"curies":[{"name":"wp","href":"https:\/\/api.w.org\/{rel}","templated":true}]}}